{"id":675,"date":"2017-07-26T10:00:23","date_gmt":"2017-07-26T08:00:23","guid":{"rendered":"http:\/\/altopo.si\/?p=675"},"modified":"2017-07-26T10:00:23","modified_gmt":"2017-07-26T08:00:23","slug":"mahon-slovo-od-spanije-21-7","status":"publish","type":"post","link":"https:\/\/altopo.si\/index.php\/2017\/07\/26\/mahon-slovo-od-spanije-21-7\/","title":{"rendered":"Mahon \u2013 slovo od \u0160panije, 21.7."},"content":{"rendered":"<p>Od dolgo na\u010drtovanega postanka v Mahon-u in na Menorci sta nama nato ostala le dva dneva, bolje povedano dva ve\u010dera. Odlo\u010ditev je padla, v soboto popoldne greva \u010dez, tako je zapovedal bog Eol in prilo\u017enosti ne gre zamuditi. Teden dni po\u010ditka bo torej na Sardiniji in ne na Menorci.<\/p>\n<p>Ni hude \u017ealosti, tako ali tako je \u017ee dozorela odlo\u010ditev , da se sem vsekakor \u0161e vrneva, po morju ali enkrat vmes z letalom. Poigravava se namre\u010d z idejo, da bi Menorco obhodila okrog in okrog, po njeni znameniti 185 km dolgi kro\u017eni poti ob obali poimenovani Camino Cavallo. Enkrat spomladi ali pozno jeseni, ko bodo temperature ravno prav\u0161nje za hojo !<\/p>\n<p>Dopoldneva minevata v obi\u010dajnih opravilih ob privezih v marini: pranju, \u010di\u0161\u010denju barke in nakupovanju. Popoldneva in ve\u010dera pa pre\u017eiviva v tem zelo prijaznem in slikovitem mestu. Njihov osrednji arheolo\u0161ki muzej je \u017eal zaprt, saj ga prenavljajo. \u0160koda, pa tako sem se veselila ogleda ! Menorca ima namre\u010d zelo zanimivo zgodovino, znana je po 3000 let stari kulturi Taljotov, ki so na otoku zapustili celo vrsto stavb. Dobro so ohranjeni tudi sledovi vseh ostalih ljudstev, ki so si kasneje sledili \u2013 od Feni\u010danov, Rimljanov, Vandalov, Normanov, Mavrov, do na koncu izmenjevanja \u0160pancev, Angle\u017eev in spet \u0160pancev\u2026.predvsem zadnji dvoji so v Mahon in na celotnem otoku zapustili celo vrsto trdnjav, cerkva, v mestih pa veliko imenitnih stavb, ki jih skromni otok sicer ne bi imel. Tu ni velikega masovnega turizma, saj je bil otok v obdobju razcveta \u0161panskega turizma precej zapostavljen. V \u010dasu \u0161panske revolucije je bil namre\u010d zelo rde\u010d in zato je v obdobju generala Franca pa\u010d moral pla\u010dati svojo ceno. Menorca nima veliko hotelov, zato pa mnogo ve\u010d naselij apartmajev in zasebnih vil, kjer prevladujejo Angle\u017ei. A o tem sem \u017ee pisala, Angle\u017ei, natan\u010dneje povedano, upokojeni Angle\u017ei, pa\u010d dajejo poseben pe\u010dat temu otoku.<\/p>\n<p>&nbsp;<\/p>\n<p>V Mahonu se ob ve\u010derih zbirajo turisti prakti\u010dno iz vsega vzhodnega dela otoka ( na zahodu je podobno v mestu Ciutadella, ki sva ga obiskala lani). Je zelo \u017eivahno, na ulicah in v \u0161tevilnih lokalih je \u017eiva glasba. Ob mestni hi\u0161i je velika tr\u017enica, v njenem atriju pa prostor za prireditve, kjer se poleti vsak ve\u010der kaj dogaja. Midva sva prisluhnila njihovi etno glasbi in si ogledala njihove plese, drug ve\u010der pa je nastopal zanimiv ansambel mladih glasbenikov, ki njihovo etno glasbo igra na sodoben na\u010din, nekaj takega kar pri nas po\u010dne skupina Terrafolk. V njihovih cerkvah poteka tudi veliki poletni festival klasi\u010dne glasbe, kjer nastopajo svetovno znana imena, ampak te vstopnice je potrebno rezervirati mnogo vnaprej\u2026.<\/p>\n<p>&nbsp;<\/p>\n<p>Dilemo okrog izbire restavracije za ve\u010derjo je re\u0161ila njihova ina\u010dica \u00bbodprte kuhinje\u00ab, ki jo imajo na ribji tr\u017enici. To so zelo lepo obnovili (z evropskimi sredstvi seveda) in na eni strani dopoldne prodajajo ribi\u010di, na drugi strani pa zve\u010der njihovi gostinci \u2013 lokalne specialitete v obliki tapasov in njihova piva ter vina seveda. Kar nekaj sva jih preiskusila\u2026. Zadnji ve\u010der sva tu sre\u010dala dru\u017eino iz Ljubljane, ki tu dopustuje \u017ee drugi\u010d., to je bil prvi kontakt s Slovenci po treh mesecih popotovanja po \u0160paniji letos in dveh lani !<\/p>\n<p>&nbsp;<\/p>\n<p>Ja, v dobrem letu sva v \u0160paniji pre\u017eivela celih pet mesecev! To pa je kar nekaj. \u0160panija je tudi sicer najina destinacija zadnjih \u0161estih let: od Andrejevega dela v Kataloniji sva namre\u010d prepotovala najprej to de\u017eelo, poleti 2012 nato stare \u0161panske severne de\u017eele, Aragonijo, Navaro in Baskijo, Galicijo, Rioho in Kastilijo, tudi Andoro in potem ob Biskajskem zalivu \u0161e Kantabrijo. Leto zatem sva se navdu\u0161evala nad Kanarskimi otoki, letos pa cel januar namenila Andaluziji. In seveda obplula dobr\u0161en del njihove obale\u2026. Kakorkoli, v \u0160paniji se dobro po\u010dutiva in tudi dobro znajdeva. K temu seveda veliko pripomore Andrejevo znanje \u0161pan\u0161\u010dine, ki nama pomaga, da se gibava v koncih, kjer ni turistov, ampak so samo doma\u010dini\u2026nepozabna so kosila v njihovih malih restavracijah, kamor zahajajo samo oni, pa pohajanja po malih mestih in trgih, kjer se zve\u010der zbirajo. \u0160panski na\u010din \u017eivljenja mi je zelo v\u0161e\u010d: so zelo hedonisti\u010dni a tudi veliki esteti in z veliko ob\u010dutka za skupnost. Zelo dobro se tudi zavedajo, da je \u0160panija velika in bogata dr\u017eava in ohranjajo spomin na njihovo veliko pomorsko zgodovino. A ob tem niso vzvi\u0161eni, pa\u010d pa do tujcev prijazni. Seveda, \u010de so tudi ti prijazni do njih in jih ne bezajo iz njihovih uradov v \u010dasu najve\u010dje vro\u010dine in sieste. Tu mora\u0161 dihati z njimi in tako je lahko \u017eivljenje z njimi zelo prijetno.<\/p>\n<p>Kar seveda ni moja originalna ugotovitev \u2013 tako razmi\u0161lja menda kar tri milijone seniorjev in Anglije in severnih evropskih dr\u017eav, ki tu pre\u017eivlja jesen svojega \u017eivljenja. Prav to moje sre\u010danje s povsem druga\u010dnim razmi\u0161ljanjem ljudi v t.i. tretjem \u017eivljenjskem obdobju, mi je dalo veliko misliti. Konec koncev menda zato tako veliko delamo, da bomo vsaj prva leta zlate jeseni od tega tudi kaj imeli ! In tu si na\u0161i vrstniki iz drugih evropskih dr\u017eav pozimi greje kosti, igra golf, brigde, se sprehaja in prijazno dru\u017ei \u2013 vse seveda za vsaj enkrat manj denarja, kot bi to po\u010deli doma. Tudi midva sva na tej poti, po\u010dasi mesec za mesecem, a v te kraje bova \u0161e \u0161la. KMALU !<\/p>\n","protected":false},"excerpt":{"rendered":"<p>Od dolgo na\u010drtovanega postanka v Mahon-u in na Menorci sta nama nato ostala le dva dneva, bolje povedano dva ve\u010dera. Odlo\u010ditev je padla, v soboto popoldne greva \u010dez, tako je zapovedal bog Eol in prilo\u017enosti ne gre zamuditi. Teden dni po\u010ditka bo torej na Sardiniji in ne na Menorci. Ni hude \u017ealosti, tako ali tako [&hellip;]<\/p>\n","protected":false},"author":2,"featured_media":676,"comment_status":"closed","ping_status":"closed","sticky":false,"template":"","format":"standard","meta":[],"categories":[3],"tags":[],"_links":{"self":[{"href":"https:\/\/altopo.si\/index.php\/wp-json\/wp\/v2\/posts\/675"}],"collection":[{"href":"https:\/\/altopo.si\/index.php\/wp-json\/wp\/v2\/posts"}],"about":[{"href":"https:\/\/altopo.si\/index.php\/wp-json\/wp\/v2\/types\/post"}],"author":[{"embeddable":true,"href":"https:\/\/altopo.si\/index.php\/wp-json\/wp\/v2\/users\/2"}],"replies":[{"embeddable":true,"href":"https:\/\/altopo.si\/index.php\/wp-json\/wp\/v2\/comments?post=675"}],"version-history":[{"count":1,"href":"https:\/\/altopo.si\/index.php\/wp-json\/wp\/v2\/posts\/675\/revisions"}],"predecessor-version":[{"id":677,"href":"https:\/\/altopo.si\/index.php\/wp-json\/wp\/v2\/posts\/675\/revisions\/677"}],"wp:featuredmedia":[{"embeddable":true,"href":"https:\/\/altopo.si\/index.php\/wp-json\/wp\/v2\/media\/676"}],"wp:attachment":[{"href":"https:\/\/altopo.si\/index.php\/wp-json\/wp\/v2\/media?parent=675"}],"wp:term":[{"taxonomy":"category","embeddable":true,"href":"https:\/\/altopo.si\/index.php\/wp-json\/wp\/v2\/categories?post=675"},{"taxonomy":"post_tag","embeddable":true,"href":"https:\/\/altopo.si\/index.php\/wp-json\/wp\/v2\/tags?post=675"}],"curies":[{"name":"wp","href":"https:\/\/api.w.org\/{rel}","templated":true}]}}