{"id":551,"date":"2017-06-23T01:46:29","date_gmt":"2017-06-22T23:46:29","guid":{"rendered":"http:\/\/altopo.si\/?p=551"},"modified":"2017-06-23T01:46:29","modified_gmt":"2017-06-22T23:46:29","slug":"cartagena-torrevieja-22-6-2017-374-nm","status":"publish","type":"post","link":"https:\/\/altopo.si\/index.php\/2017\/06\/23\/cartagena-torrevieja-22-6-2017-374-nm\/","title":{"rendered":"Cartagena \u2013 Torrevieja, 22. 6. 2017; 37,4 NM"},"content":{"rendered":"<p>Odsidrava \u0161e v mraku, danes vetra skorajda ni, po\u010dasi motorirava tik ob slikovitih klifih. V\u010deraj nedosegljivi Capo de Palo se danes bohoti v vsej svoji lepoti in najino slovo od Coste Calide je res lepo. U\u017eivava v panoramah in delava posnetke res lepih klifov, svetilnikov in trdnjav, ki jih je v zbirki \u017ee tako zelo veliko. A kaj, ko dobro veva, da naju na oni strani rta \u010daka nekaj dni \u0161panskega megaturizma z miljami in miljami pozidane obale.<\/p>\n<p>Dana\u0161nji cilj je menda najbolj varno sidri\u0161\u010de na Costi Bravi za valobranom mestne luke in marin Torrevieje. Zadnjo uro jadranja je vetrc za malenkost o\u017eivel, ravno toliko, da sva razvila genovo in skoraj do sidri\u0161\u010da prispela kot prava jadralca ( in ne motorista). Sidri\u0161\u010de je res prostorno, varno in tudi presenetljivo prijetno, s \u010disto vodo in prijetni lokalom ob privezu za pomo\u017ene \u010dolne, ki pa je tudi \u0161tartna pista za waiking progo. S tem \u0161portom naju je spoznal pred leti moj sin Miha in od takrat ga prvi\u010d vidim. Danes se v mesto odpraviva \u0161ele ob sedmih, vro\u010dina je bila res huda, v senci na barki sva izmerila 32 stopinj. Mesto ni ni\u010d posebnega, izstopa pa lepo urejena , skoraj dvokilometrska sprehajalna pot, urejena nad valobranom. Zelo prijeten ve\u010deren sprehod !<\/p>\n","protected":false},"excerpt":{"rendered":"<p>Odsidrava \u0161e v mraku, danes vetra skorajda ni, po\u010dasi motorirava tik ob slikovitih klifih. V\u010deraj nedosegljivi Capo de Palo se danes bohoti v vsej svoji lepoti in najino slovo od Coste Calide je res lepo. U\u017eivava v panoramah in delava posnetke res lepih klifov, svetilnikov in trdnjav, ki jih je v zbirki \u017ee tako zelo [&hellip;]<\/p>\n","protected":false},"author":2,"featured_media":552,"comment_status":"open","ping_status":"closed","sticky":false,"template":"","format":"standard","meta":[],"categories":[3],"tags":[],"_links":{"self":[{"href":"https:\/\/altopo.si\/index.php\/wp-json\/wp\/v2\/posts\/551"}],"collection":[{"href":"https:\/\/altopo.si\/index.php\/wp-json\/wp\/v2\/posts"}],"about":[{"href":"https:\/\/altopo.si\/index.php\/wp-json\/wp\/v2\/types\/post"}],"author":[{"embeddable":true,"href":"https:\/\/altopo.si\/index.php\/wp-json\/wp\/v2\/users\/2"}],"replies":[{"embeddable":true,"href":"https:\/\/altopo.si\/index.php\/wp-json\/wp\/v2\/comments?post=551"}],"version-history":[{"count":1,"href":"https:\/\/altopo.si\/index.php\/wp-json\/wp\/v2\/posts\/551\/revisions"}],"predecessor-version":[{"id":553,"href":"https:\/\/altopo.si\/index.php\/wp-json\/wp\/v2\/posts\/551\/revisions\/553"}],"wp:featuredmedia":[{"embeddable":true,"href":"https:\/\/altopo.si\/index.php\/wp-json\/wp\/v2\/media\/552"}],"wp:attachment":[{"href":"https:\/\/altopo.si\/index.php\/wp-json\/wp\/v2\/media?parent=551"}],"wp:term":[{"taxonomy":"category","embeddable":true,"href":"https:\/\/altopo.si\/index.php\/wp-json\/wp\/v2\/categories?post=551"},{"taxonomy":"post_tag","embeddable":true,"href":"https:\/\/altopo.si\/index.php\/wp-json\/wp\/v2\/tags?post=551"}],"curies":[{"name":"wp","href":"https:\/\/api.w.org\/{rel}","templated":true}]}}